{"id":792,"date":"2023-10-22T12:02:19","date_gmt":"2023-10-22T10:02:19","guid":{"rendered":"https:\/\/www.club-der-hundefreunde-achim.de\/cms\/?p=792"},"modified":"2023-11-19T19:00:41","modified_gmt":"2023-11-19T18:00:41","slug":"platzpflege","status":"publish","type":"post","link":"https:\/\/www.club-der-hundefreunde-achim.de\/cms\/platzpflege\/","title":{"rendered":"Platzpflege"},"content":{"rendered":"\n<h2 class=\"wp-block-heading\">Platzpflege 2023<\/h2>\n\n\n\n<p>2\u20133-mal im Jahr findet ein gemeinsamer Platzpflegetermin statt. Beim letzten Termin im Jahr 2023, am Samstag, 16.09.2023 fanden sich ab 10.30 Uhr viele motivierte Mitglieder auf dem Hundeplatz ein, um u.a. die Hecken zu schneiden und das Schnittgut in den Container auf dem Parkplatz zu bringen.<\/p>\n\n\n\n<p>Wie man auf den Fotos sieht, wurde die Zeltgarage auf Platz 3 gebracht.&nbsp;<\/p>\n\n\n\n<p>Zwischendurch wurde lecker gefr\u00fchst\u00fcckt, der Vorstand sorgte wie jedes Mal f\u00fcr Br\u00f6tchen, Aufschnitt, Hackepeter (ganz wichtig!), Kaffee, Tee und kalte Getr\u00e4nke.<\/p>\n\n\n\n<figure class=\"wp-block-gallery has-nested-images columns-default is-cropped wp-block-gallery-1 is-layout-flex wp-block-gallery-is-layout-flex\">\n<figure class=\"wp-block-image size-large\"><img loading=\"lazy\" decoding=\"async\" width=\"768\" height=\"1024\" data-id=\"793\" src=\"https:\/\/www.club-der-hundefreunde-achim.de\/cms\/wp-content\/uploads\/2023\/10\/2023_Arbeitsdienst_02-768x1024.jpg\" alt=\"\" class=\"wp-image-793\" srcset=\"https:\/\/www.club-der-hundefreunde-achim.de\/cms\/wp-content\/uploads\/2023\/10\/2023_Arbeitsdienst_02-768x1024.jpg 768w, https:\/\/www.club-der-hundefreunde-achim.de\/cms\/wp-content\/uploads\/2023\/10\/2023_Arbeitsdienst_02-225x300.jpg 225w, https:\/\/www.club-der-hundefreunde-achim.de\/cms\/wp-content\/uploads\/2023\/10\/2023_Arbeitsdienst_02-1152x1536.jpg 1152w, https:\/\/www.club-der-hundefreunde-achim.de\/cms\/wp-content\/uploads\/2023\/10\/2023_Arbeitsdienst_02-1536x2048.jpg 1536w, https:\/\/www.club-der-hundefreunde-achim.de\/cms\/wp-content\/uploads\/2023\/10\/2023_Arbeitsdienst_02-1200x1600.jpg 1200w, https:\/\/www.club-der-hundefreunde-achim.de\/cms\/wp-content\/uploads\/2023\/10\/2023_Arbeitsdienst_02-1980x2640.jpg 1980w, https:\/\/www.club-der-hundefreunde-achim.de\/cms\/wp-content\/uploads\/2023\/10\/2023_Arbeitsdienst_02-scaled.jpg 1920w\" sizes=\"auto, (max-width: 768px) 100vw, 768px\" \/><\/figure>\n\n\n\n<figure class=\"wp-block-image size-large\"><img loading=\"lazy\" decoding=\"async\" width=\"768\" height=\"1024\" data-id=\"794\" src=\"https:\/\/www.club-der-hundefreunde-achim.de\/cms\/wp-content\/uploads\/2023\/10\/2023_Arbeitsdienst_01-768x1024.jpg\" alt=\"\" class=\"wp-image-794\" srcset=\"https:\/\/www.club-der-hundefreunde-achim.de\/cms\/wp-content\/uploads\/2023\/10\/2023_Arbeitsdienst_01-768x1024.jpg 768w, https:\/\/www.club-der-hundefreunde-achim.de\/cms\/wp-content\/uploads\/2023\/10\/2023_Arbeitsdienst_01-225x300.jpg 225w, https:\/\/www.club-der-hundefreunde-achim.de\/cms\/wp-content\/uploads\/2023\/10\/2023_Arbeitsdienst_01-1152x1536.jpg 1152w, https:\/\/www.club-der-hundefreunde-achim.de\/cms\/wp-content\/uploads\/2023\/10\/2023_Arbeitsdienst_01-1536x2048.jpg 1536w, https:\/\/www.club-der-hundefreunde-achim.de\/cms\/wp-content\/uploads\/2023\/10\/2023_Arbeitsdienst_01-1200x1600.jpg 1200w, https:\/\/www.club-der-hundefreunde-achim.de\/cms\/wp-content\/uploads\/2023\/10\/2023_Arbeitsdienst_01-1980x2640.jpg 1980w, https:\/\/www.club-der-hundefreunde-achim.de\/cms\/wp-content\/uploads\/2023\/10\/2023_Arbeitsdienst_01-scaled.jpg 1920w\" sizes=\"auto, (max-width: 768px) 100vw, 768px\" \/><\/figure>\n\n\n\n<figure class=\"wp-block-image size-large\"><img loading=\"lazy\" decoding=\"async\" width=\"1024\" height=\"768\" data-id=\"808\" src=\"https:\/\/www.club-der-hundefreunde-achim.de\/cms\/wp-content\/uploads\/2023\/11\/IMG_20230916_115318-1024x768.jpg\" alt=\"\" class=\"wp-image-808\" srcset=\"https:\/\/www.club-der-hundefreunde-achim.de\/cms\/wp-content\/uploads\/2023\/11\/IMG_20230916_115318-1024x768.jpg 1024w, https:\/\/www.club-der-hundefreunde-achim.de\/cms\/wp-content\/uploads\/2023\/11\/IMG_20230916_115318-300x225.jpg 300w, https:\/\/www.club-der-hundefreunde-achim.de\/cms\/wp-content\/uploads\/2023\/11\/IMG_20230916_115318-768x576.jpg 768w, https:\/\/www.club-der-hundefreunde-achim.de\/cms\/wp-content\/uploads\/2023\/11\/IMG_20230916_115318-1536x1152.jpg 1536w, https:\/\/www.club-der-hundefreunde-achim.de\/cms\/wp-content\/uploads\/2023\/11\/IMG_20230916_115318-2048x1536.jpg 2048w, https:\/\/www.club-der-hundefreunde-achim.de\/cms\/wp-content\/uploads\/2023\/11\/IMG_20230916_115318-1200x900.jpg 1200w, https:\/\/www.club-der-hundefreunde-achim.de\/cms\/wp-content\/uploads\/2023\/11\/IMG_20230916_115318-1980x1485.jpg 1980w\" sizes=\"auto, (max-width: 1024px) 100vw, 1024px\" \/><\/figure>\n\n\n\n<figure class=\"wp-block-image size-large\"><img loading=\"lazy\" decoding=\"async\" width=\"1024\" height=\"768\" data-id=\"807\" src=\"https:\/\/www.club-der-hundefreunde-achim.de\/cms\/wp-content\/uploads\/2023\/11\/IMG_20230916_141315-1024x768.jpg\" alt=\"\" class=\"wp-image-807\" srcset=\"https:\/\/www.club-der-hundefreunde-achim.de\/cms\/wp-content\/uploads\/2023\/11\/IMG_20230916_141315-1024x768.jpg 1024w, https:\/\/www.club-der-hundefreunde-achim.de\/cms\/wp-content\/uploads\/2023\/11\/IMG_20230916_141315-300x225.jpg 300w, https:\/\/www.club-der-hundefreunde-achim.de\/cms\/wp-content\/uploads\/2023\/11\/IMG_20230916_141315-768x576.jpg 768w, https:\/\/www.club-der-hundefreunde-achim.de\/cms\/wp-content\/uploads\/2023\/11\/IMG_20230916_141315-1536x1152.jpg 1536w, https:\/\/www.club-der-hundefreunde-achim.de\/cms\/wp-content\/uploads\/2023\/11\/IMG_20230916_141315-2048x1536.jpg 2048w, https:\/\/www.club-der-hundefreunde-achim.de\/cms\/wp-content\/uploads\/2023\/11\/IMG_20230916_141315-1200x900.jpg 1200w, https:\/\/www.club-der-hundefreunde-achim.de\/cms\/wp-content\/uploads\/2023\/11\/IMG_20230916_141315-1980x1485.jpg 1980w\" sizes=\"auto, (max-width: 1024px) 100vw, 1024px\" \/><\/figure>\n\n\n\n<figure class=\"wp-block-image size-large\"><img loading=\"lazy\" decoding=\"async\" width=\"768\" height=\"1024\" data-id=\"804\" src=\"https:\/\/www.club-der-hundefreunde-achim.de\/cms\/wp-content\/uploads\/2023\/11\/IMG_20230916_121056-768x1024.jpg\" alt=\"\" class=\"wp-image-804\" srcset=\"https:\/\/www.club-der-hundefreunde-achim.de\/cms\/wp-content\/uploads\/2023\/11\/IMG_20230916_121056-768x1024.jpg 768w, https:\/\/www.club-der-hundefreunde-achim.de\/cms\/wp-content\/uploads\/2023\/11\/IMG_20230916_121056-225x300.jpg 225w, https:\/\/www.club-der-hundefreunde-achim.de\/cms\/wp-content\/uploads\/2023\/11\/IMG_20230916_121056-1152x1536.jpg 1152w, https:\/\/www.club-der-hundefreunde-achim.de\/cms\/wp-content\/uploads\/2023\/11\/IMG_20230916_121056-1536x2048.jpg 1536w, https:\/\/www.club-der-hundefreunde-achim.de\/cms\/wp-content\/uploads\/2023\/11\/IMG_20230916_121056-1200x1600.jpg 1200w, https:\/\/www.club-der-hundefreunde-achim.de\/cms\/wp-content\/uploads\/2023\/11\/IMG_20230916_121056-1980x2640.jpg 1980w, https:\/\/www.club-der-hundefreunde-achim.de\/cms\/wp-content\/uploads\/2023\/11\/IMG_20230916_121056-scaled.jpg 1920w\" sizes=\"auto, (max-width: 768px) 100vw, 768px\" \/><\/figure>\n\n\n\n<figure class=\"wp-block-image size-large\"><img loading=\"lazy\" decoding=\"async\" width=\"1024\" height=\"768\" data-id=\"806\" src=\"https:\/\/www.club-der-hundefreunde-achim.de\/cms\/wp-content\/uploads\/2023\/11\/IMG_20230916_121831-1024x768.jpg\" alt=\"\" class=\"wp-image-806\" srcset=\"https:\/\/www.club-der-hundefreunde-achim.de\/cms\/wp-content\/uploads\/2023\/11\/IMG_20230916_121831-1024x768.jpg 1024w, https:\/\/www.club-der-hundefreunde-achim.de\/cms\/wp-content\/uploads\/2023\/11\/IMG_20230916_121831-300x225.jpg 300w, https:\/\/www.club-der-hundefreunde-achim.de\/cms\/wp-content\/uploads\/2023\/11\/IMG_20230916_121831-768x576.jpg 768w, https:\/\/www.club-der-hundefreunde-achim.de\/cms\/wp-content\/uploads\/2023\/11\/IMG_20230916_121831-1536x1152.jpg 1536w, https:\/\/www.club-der-hundefreunde-achim.de\/cms\/wp-content\/uploads\/2023\/11\/IMG_20230916_121831-2048x1536.jpg 2048w, https:\/\/www.club-der-hundefreunde-achim.de\/cms\/wp-content\/uploads\/2023\/11\/IMG_20230916_121831-1200x900.jpg 1200w, https:\/\/www.club-der-hundefreunde-achim.de\/cms\/wp-content\/uploads\/2023\/11\/IMG_20230916_121831-1980x1485.jpg 1980w\" sizes=\"auto, (max-width: 1024px) 100vw, 1024px\" \/><\/figure>\n\n\n\n<figure class=\"wp-block-image size-large\"><img loading=\"lazy\" decoding=\"async\" width=\"1024\" height=\"768\" data-id=\"805\" src=\"https:\/\/www.club-der-hundefreunde-achim.de\/cms\/wp-content\/uploads\/2023\/11\/IMG_20230916_140524-1024x768.jpg\" alt=\"\" class=\"wp-image-805\" srcset=\"https:\/\/www.club-der-hundefreunde-achim.de\/cms\/wp-content\/uploads\/2023\/11\/IMG_20230916_140524-1024x768.jpg 1024w, https:\/\/www.club-der-hundefreunde-achim.de\/cms\/wp-content\/uploads\/2023\/11\/IMG_20230916_140524-300x225.jpg 300w, https:\/\/www.club-der-hundefreunde-achim.de\/cms\/wp-content\/uploads\/2023\/11\/IMG_20230916_140524-768x576.jpg 768w, https:\/\/www.club-der-hundefreunde-achim.de\/cms\/wp-content\/uploads\/2023\/11\/IMG_20230916_140524-1536x1152.jpg 1536w, https:\/\/www.club-der-hundefreunde-achim.de\/cms\/wp-content\/uploads\/2023\/11\/IMG_20230916_140524-2048x1536.jpg 2048w, https:\/\/www.club-der-hundefreunde-achim.de\/cms\/wp-content\/uploads\/2023\/11\/IMG_20230916_140524-1200x900.jpg 1200w, https:\/\/www.club-der-hundefreunde-achim.de\/cms\/wp-content\/uploads\/2023\/11\/IMG_20230916_140524-1980x1485.jpg 1980w\" sizes=\"auto, (max-width: 1024px) 100vw, 1024px\" \/><\/figure>\n<\/figure>\n\n\n\n<p><\/p>\n","protected":false},"excerpt":{"rendered":"<p>Platzpflege 2023 2\u20133-mal im Jahr findet ein gemeinsamer Platzpflegetermin statt. Beim letzten Termin im Jahr 2023, am Samstag, 16.09.2023 fanden sich ab 10.30 Uhr viele motivierte Mitglieder auf dem Hundeplatz ein, um u.a. die Hecken zu schneiden und das Schnittgut in den Container auf dem Parkplatz zu bringen. Wie man auf den Fotos sieht, wurde [&hellip;]<\/p>\n","protected":false},"author":2,"featured_media":0,"comment_status":"closed","ping_status":"closed","sticky":false,"template":"templates\/template-full-width.php","format":"standard","meta":{"footnotes":""},"categories":[10],"tags":[7,8,9,6],"class_list":["post-792","post","type-post","status-publish","format-standard","hentry","category-clubleben","tag-hundeclub","tag-mitglieder","tag-show","tag-vereinsleben"],"yoast_head":"<!-- This site is optimized with the Yoast SEO plugin v26.3 - https:\/\/yoast.com\/wordpress\/plugins\/seo\/ -->\n<title>Platzpflege - club-der-hundefreunde-achim.de<\/title>\n<meta name=\"robots\" content=\"index, follow, max-snippet:-1, max-image-preview:large, max-video-preview:-1\" \/>\n<link rel=\"canonical\" href=\"https:\/\/www.club-der-hundefreunde-achim.de\/cms\/platzpflege\/\" \/>\n<meta property=\"og:locale\" content=\"de_DE\" \/>\n<meta property=\"og:type\" content=\"article\" \/>\n<meta property=\"og:title\" content=\"Platzpflege - club-der-hundefreunde-achim.de\" \/>\n<meta property=\"og:description\" content=\"Platzpflege 2023 2\u20133-mal im Jahr findet ein gemeinsamer Platzpflegetermin statt. Beim letzten Termin im Jahr 2023, am Samstag, 16.09.2023 fanden sich ab 10.30 Uhr viele motivierte Mitglieder auf dem Hundeplatz ein, um u.a. die Hecken zu schneiden und das Schnittgut in den Container auf dem Parkplatz zu bringen. Wie man auf den Fotos sieht, wurde [&hellip;]\" \/>\n<meta property=\"og:url\" content=\"https:\/\/www.club-der-hundefreunde-achim.de\/cms\/platzpflege\/\" \/>\n<meta property=\"og:site_name\" content=\"club-der-hundefreunde-achim.de\" \/>\n<meta property=\"article:published_time\" content=\"2023-10-22T10:02:19+00:00\" \/>\n<meta property=\"article:modified_time\" content=\"2023-11-19T18:00:41+00:00\" \/>\n<meta property=\"og:image\" content=\"https:\/\/www.club-der-hundefreunde-achim.de\/cms\/wp-content\/uploads\/2023\/10\/2023_Arbeitsdienst_02-768x1024.jpg\" \/>\n<meta name=\"author\" content=\"Gesa Nitz\" \/>\n<meta name=\"twitter:card\" content=\"summary_large_image\" \/>\n<meta name=\"twitter:label1\" content=\"Verfasst von\" \/>\n\t<meta name=\"twitter:data1\" content=\"Gesa Nitz\" \/>\n\t<meta name=\"twitter:label2\" content=\"Gesch\u00e4tzte Lesezeit\" \/>\n\t<meta name=\"twitter:data2\" content=\"2\u00a0Minuten\" \/>\n<script type=\"application\/ld+json\" class=\"yoast-schema-graph\">{\"@context\":\"https:\/\/schema.org\",\"@graph\":[{\"@type\":\"Article\",\"@id\":\"https:\/\/www.club-der-hundefreunde-achim.de\/cms\/platzpflege\/#article\",\"isPartOf\":{\"@id\":\"https:\/\/www.club-der-hundefreunde-achim.de\/cms\/platzpflege\/\"},\"author\":{\"name\":\"Gesa Nitz\",\"@id\":\"https:\/\/www.club-der-hundefreunde-achim.de\/cms\/#\/schema\/person\/124c5ed8709ab14aba8c793a987651c2\"},\"headline\":\"Platzpflege\",\"datePublished\":\"2023-10-22T10:02:19+00:00\",\"dateModified\":\"2023-11-19T18:00:41+00:00\",\"mainEntityOfPage\":{\"@id\":\"https:\/\/www.club-der-hundefreunde-achim.de\/cms\/platzpflege\/\"},\"wordCount\":85,\"publisher\":{\"@id\":\"https:\/\/www.club-der-hundefreunde-achim.de\/cms\/#organization\"},\"image\":{\"@id\":\"https:\/\/www.club-der-hundefreunde-achim.de\/cms\/platzpflege\/#primaryimage\"},\"thumbnailUrl\":\"https:\/\/www.club-der-hundefreunde-achim.de\/cms\/wp-content\/uploads\/2023\/10\/2023_Arbeitsdienst_02-768x1024.jpg\",\"keywords\":[\"Hundeclub\",\"Mitglieder\",\"Show\",\"Vereinsleben\"],\"articleSection\":[\"Clubleben\"],\"inLanguage\":\"de\"},{\"@type\":\"WebPage\",\"@id\":\"https:\/\/www.club-der-hundefreunde-achim.de\/cms\/platzpflege\/\",\"url\":\"https:\/\/www.club-der-hundefreunde-achim.de\/cms\/platzpflege\/\",\"name\":\"Platzpflege - club-der-hundefreunde-achim.de\",\"isPartOf\":{\"@id\":\"https:\/\/www.club-der-hundefreunde-achim.de\/cms\/#website\"},\"primaryImageOfPage\":{\"@id\":\"https:\/\/www.club-der-hundefreunde-achim.de\/cms\/platzpflege\/#primaryimage\"},\"image\":{\"@id\":\"https:\/\/www.club-der-hundefreunde-achim.de\/cms\/platzpflege\/#primaryimage\"},\"thumbnailUrl\":\"https:\/\/www.club-der-hundefreunde-achim.de\/cms\/wp-content\/uploads\/2023\/10\/2023_Arbeitsdienst_02-768x1024.jpg\",\"datePublished\":\"2023-10-22T10:02:19+00:00\",\"dateModified\":\"2023-11-19T18:00:41+00:00\",\"breadcrumb\":{\"@id\":\"https:\/\/www.club-der-hundefreunde-achim.de\/cms\/platzpflege\/#breadcrumb\"},\"inLanguage\":\"de\",\"potentialAction\":[{\"@type\":\"ReadAction\",\"target\":[\"https:\/\/www.club-der-hundefreunde-achim.de\/cms\/platzpflege\/\"]}]},{\"@type\":\"ImageObject\",\"inLanguage\":\"de\",\"@id\":\"https:\/\/www.club-der-hundefreunde-achim.de\/cms\/platzpflege\/#primaryimage\",\"url\":\"https:\/\/www.club-der-hundefreunde-achim.de\/cms\/wp-content\/uploads\/2023\/10\/2023_Arbeitsdienst_02-768x1024.jpg\",\"contentUrl\":\"https:\/\/www.club-der-hundefreunde-achim.de\/cms\/wp-content\/uploads\/2023\/10\/2023_Arbeitsdienst_02-768x1024.jpg\"},{\"@type\":\"BreadcrumbList\",\"@id\":\"https:\/\/www.club-der-hundefreunde-achim.de\/cms\/platzpflege\/#breadcrumb\",\"itemListElement\":[{\"@type\":\"ListItem\",\"position\":1,\"name\":\"Startseite\",\"item\":\"https:\/\/www.club-der-hundefreunde-achim.de\/cms\/\"},{\"@type\":\"ListItem\",\"position\":2,\"name\":\"Platzpflege\"}]},{\"@type\":\"WebSite\",\"@id\":\"https:\/\/www.club-der-hundefreunde-achim.de\/cms\/#website\",\"url\":\"https:\/\/www.club-der-hundefreunde-achim.de\/cms\/\",\"name\":\"club-der-hundefreunde-achim.de\",\"description\":\"Club der Hundefreunde e.V.\",\"publisher\":{\"@id\":\"https:\/\/www.club-der-hundefreunde-achim.de\/cms\/#organization\"},\"potentialAction\":[{\"@type\":\"SearchAction\",\"target\":{\"@type\":\"EntryPoint\",\"urlTemplate\":\"https:\/\/www.club-der-hundefreunde-achim.de\/cms\/?s={search_term_string}\"},\"query-input\":{\"@type\":\"PropertyValueSpecification\",\"valueRequired\":true,\"valueName\":\"search_term_string\"}}],\"inLanguage\":\"de\"},{\"@type\":\"Organization\",\"@id\":\"https:\/\/www.club-der-hundefreunde-achim.de\/cms\/#organization\",\"name\":\"club-der-hundefreunde-achim.de\",\"url\":\"https:\/\/www.club-der-hundefreunde-achim.de\/cms\/\",\"logo\":{\"@type\":\"ImageObject\",\"inLanguage\":\"de\",\"@id\":\"https:\/\/www.club-der-hundefreunde-achim.de\/cms\/#\/schema\/logo\/image\/\",\"url\":\"https:\/\/www.club-der-hundefreunde-achim.de\/cms\/wp-content\/uploads\/2022\/01\/cropped-CdH-Logo.gif\",\"contentUrl\":\"https:\/\/www.club-der-hundefreunde-achim.de\/cms\/wp-content\/uploads\/2022\/01\/cropped-CdH-Logo.gif\",\"width\":1260,\"height\":946,\"caption\":\"club-der-hundefreunde-achim.de\"},\"image\":{\"@id\":\"https:\/\/www.club-der-hundefreunde-achim.de\/cms\/#\/schema\/logo\/image\/\"}},{\"@type\":\"Person\",\"@id\":\"https:\/\/www.club-der-hundefreunde-achim.de\/cms\/#\/schema\/person\/124c5ed8709ab14aba8c793a987651c2\",\"name\":\"Gesa Nitz\",\"image\":{\"@type\":\"ImageObject\",\"inLanguage\":\"de\",\"@id\":\"https:\/\/www.club-der-hundefreunde-achim.de\/cms\/#\/schema\/person\/image\/\",\"url\":\"https:\/\/secure.gravatar.com\/avatar\/bf66cb3df526e2586645d7fdeec818ce278a12a1f70e6a78a262cffd2dd1c88f?s=96&d=mm&r=g\",\"contentUrl\":\"https:\/\/secure.gravatar.com\/avatar\/bf66cb3df526e2586645d7fdeec818ce278a12a1f70e6a78a262cffd2dd1c88f?s=96&d=mm&r=g\",\"caption\":\"Gesa Nitz\"},\"url\":\"https:\/\/www.club-der-hundefreunde-achim.de\/cms\/author\/gnitz\/\"}]}<\/script>\n<!-- \/ Yoast SEO plugin. -->","yoast_head_json":{"title":"Platzpflege - club-der-hundefreunde-achim.de","robots":{"index":"index","follow":"follow","max-snippet":"max-snippet:-1","max-image-preview":"max-image-preview:large","max-video-preview":"max-video-preview:-1"},"canonical":"https:\/\/www.club-der-hundefreunde-achim.de\/cms\/platzpflege\/","og_locale":"de_DE","og_type":"article","og_title":"Platzpflege - club-der-hundefreunde-achim.de","og_description":"Platzpflege 2023 2\u20133-mal im Jahr findet ein gemeinsamer Platzpflegetermin statt. Beim letzten Termin im Jahr 2023, am Samstag, 16.09.2023 fanden sich ab 10.30 Uhr viele motivierte Mitglieder auf dem Hundeplatz ein, um u.a. die Hecken zu schneiden und das Schnittgut in den Container auf dem Parkplatz zu bringen. Wie man auf den Fotos sieht, wurde [&hellip;]","og_url":"https:\/\/www.club-der-hundefreunde-achim.de\/cms\/platzpflege\/","og_site_name":"club-der-hundefreunde-achim.de","article_published_time":"2023-10-22T10:02:19+00:00","article_modified_time":"2023-11-19T18:00:41+00:00","og_image":[{"url":"https:\/\/www.club-der-hundefreunde-achim.de\/cms\/wp-content\/uploads\/2023\/10\/2023_Arbeitsdienst_02-768x1024.jpg","type":"","width":"","height":""}],"author":"Gesa Nitz","twitter_card":"summary_large_image","twitter_misc":{"Verfasst von":"Gesa Nitz","Gesch\u00e4tzte Lesezeit":"2\u00a0Minuten"},"schema":{"@context":"https:\/\/schema.org","@graph":[{"@type":"Article","@id":"https:\/\/www.club-der-hundefreunde-achim.de\/cms\/platzpflege\/#article","isPartOf":{"@id":"https:\/\/www.club-der-hundefreunde-achim.de\/cms\/platzpflege\/"},"author":{"name":"Gesa Nitz","@id":"https:\/\/www.club-der-hundefreunde-achim.de\/cms\/#\/schema\/person\/124c5ed8709ab14aba8c793a987651c2"},"headline":"Platzpflege","datePublished":"2023-10-22T10:02:19+00:00","dateModified":"2023-11-19T18:00:41+00:00","mainEntityOfPage":{"@id":"https:\/\/www.club-der-hundefreunde-achim.de\/cms\/platzpflege\/"},"wordCount":85,"publisher":{"@id":"https:\/\/www.club-der-hundefreunde-achim.de\/cms\/#organization"},"image":{"@id":"https:\/\/www.club-der-hundefreunde-achim.de\/cms\/platzpflege\/#primaryimage"},"thumbnailUrl":"https:\/\/www.club-der-hundefreunde-achim.de\/cms\/wp-content\/uploads\/2023\/10\/2023_Arbeitsdienst_02-768x1024.jpg","keywords":["Hundeclub","Mitglieder","Show","Vereinsleben"],"articleSection":["Clubleben"],"inLanguage":"de"},{"@type":"WebPage","@id":"https:\/\/www.club-der-hundefreunde-achim.de\/cms\/platzpflege\/","url":"https:\/\/www.club-der-hundefreunde-achim.de\/cms\/platzpflege\/","name":"Platzpflege - club-der-hundefreunde-achim.de","isPartOf":{"@id":"https:\/\/www.club-der-hundefreunde-achim.de\/cms\/#website"},"primaryImageOfPage":{"@id":"https:\/\/www.club-der-hundefreunde-achim.de\/cms\/platzpflege\/#primaryimage"},"image":{"@id":"https:\/\/www.club-der-hundefreunde-achim.de\/cms\/platzpflege\/#primaryimage"},"thumbnailUrl":"https:\/\/www.club-der-hundefreunde-achim.de\/cms\/wp-content\/uploads\/2023\/10\/2023_Arbeitsdienst_02-768x1024.jpg","datePublished":"2023-10-22T10:02:19+00:00","dateModified":"2023-11-19T18:00:41+00:00","breadcrumb":{"@id":"https:\/\/www.club-der-hundefreunde-achim.de\/cms\/platzpflege\/#breadcrumb"},"inLanguage":"de","potentialAction":[{"@type":"ReadAction","target":["https:\/\/www.club-der-hundefreunde-achim.de\/cms\/platzpflege\/"]}]},{"@type":"ImageObject","inLanguage":"de","@id":"https:\/\/www.club-der-hundefreunde-achim.de\/cms\/platzpflege\/#primaryimage","url":"https:\/\/www.club-der-hundefreunde-achim.de\/cms\/wp-content\/uploads\/2023\/10\/2023_Arbeitsdienst_02-768x1024.jpg","contentUrl":"https:\/\/www.club-der-hundefreunde-achim.de\/cms\/wp-content\/uploads\/2023\/10\/2023_Arbeitsdienst_02-768x1024.jpg"},{"@type":"BreadcrumbList","@id":"https:\/\/www.club-der-hundefreunde-achim.de\/cms\/platzpflege\/#breadcrumb","itemListElement":[{"@type":"ListItem","position":1,"name":"Startseite","item":"https:\/\/www.club-der-hundefreunde-achim.de\/cms\/"},{"@type":"ListItem","position":2,"name":"Platzpflege"}]},{"@type":"WebSite","@id":"https:\/\/www.club-der-hundefreunde-achim.de\/cms\/#website","url":"https:\/\/www.club-der-hundefreunde-achim.de\/cms\/","name":"club-der-hundefreunde-achim.de","description":"Club der Hundefreunde e.V.","publisher":{"@id":"https:\/\/www.club-der-hundefreunde-achim.de\/cms\/#organization"},"potentialAction":[{"@type":"SearchAction","target":{"@type":"EntryPoint","urlTemplate":"https:\/\/www.club-der-hundefreunde-achim.de\/cms\/?s={search_term_string}"},"query-input":{"@type":"PropertyValueSpecification","valueRequired":true,"valueName":"search_term_string"}}],"inLanguage":"de"},{"@type":"Organization","@id":"https:\/\/www.club-der-hundefreunde-achim.de\/cms\/#organization","name":"club-der-hundefreunde-achim.de","url":"https:\/\/www.club-der-hundefreunde-achim.de\/cms\/","logo":{"@type":"ImageObject","inLanguage":"de","@id":"https:\/\/www.club-der-hundefreunde-achim.de\/cms\/#\/schema\/logo\/image\/","url":"https:\/\/www.club-der-hundefreunde-achim.de\/cms\/wp-content\/uploads\/2022\/01\/cropped-CdH-Logo.gif","contentUrl":"https:\/\/www.club-der-hundefreunde-achim.de\/cms\/wp-content\/uploads\/2022\/01\/cropped-CdH-Logo.gif","width":1260,"height":946,"caption":"club-der-hundefreunde-achim.de"},"image":{"@id":"https:\/\/www.club-der-hundefreunde-achim.de\/cms\/#\/schema\/logo\/image\/"}},{"@type":"Person","@id":"https:\/\/www.club-der-hundefreunde-achim.de\/cms\/#\/schema\/person\/124c5ed8709ab14aba8c793a987651c2","name":"Gesa Nitz","image":{"@type":"ImageObject","inLanguage":"de","@id":"https:\/\/www.club-der-hundefreunde-achim.de\/cms\/#\/schema\/person\/image\/","url":"https:\/\/secure.gravatar.com\/avatar\/bf66cb3df526e2586645d7fdeec818ce278a12a1f70e6a78a262cffd2dd1c88f?s=96&d=mm&r=g","contentUrl":"https:\/\/secure.gravatar.com\/avatar\/bf66cb3df526e2586645d7fdeec818ce278a12a1f70e6a78a262cffd2dd1c88f?s=96&d=mm&r=g","caption":"Gesa Nitz"},"url":"https:\/\/www.club-der-hundefreunde-achim.de\/cms\/author\/gnitz\/"}]}},"_links":{"self":[{"href":"https:\/\/www.club-der-hundefreunde-achim.de\/cms\/wp-json\/wp\/v2\/posts\/792","targetHints":{"allow":["GET"]}}],"collection":[{"href":"https:\/\/www.club-der-hundefreunde-achim.de\/cms\/wp-json\/wp\/v2\/posts"}],"about":[{"href":"https:\/\/www.club-der-hundefreunde-achim.de\/cms\/wp-json\/wp\/v2\/types\/post"}],"author":[{"embeddable":true,"href":"https:\/\/www.club-der-hundefreunde-achim.de\/cms\/wp-json\/wp\/v2\/users\/2"}],"replies":[{"embeddable":true,"href":"https:\/\/www.club-der-hundefreunde-achim.de\/cms\/wp-json\/wp\/v2\/comments?post=792"}],"version-history":[{"count":3,"href":"https:\/\/www.club-der-hundefreunde-achim.de\/cms\/wp-json\/wp\/v2\/posts\/792\/revisions"}],"predecessor-version":[{"id":810,"href":"https:\/\/www.club-der-hundefreunde-achim.de\/cms\/wp-json\/wp\/v2\/posts\/792\/revisions\/810"}],"wp:attachment":[{"href":"https:\/\/www.club-der-hundefreunde-achim.de\/cms\/wp-json\/wp\/v2\/media?parent=792"}],"wp:term":[{"taxonomy":"category","embeddable":true,"href":"https:\/\/www.club-der-hundefreunde-achim.de\/cms\/wp-json\/wp\/v2\/categories?post=792"},{"taxonomy":"post_tag","embeddable":true,"href":"https:\/\/www.club-der-hundefreunde-achim.de\/cms\/wp-json\/wp\/v2\/tags?post=792"}],"curies":[{"name":"wp","href":"https:\/\/api.w.org\/{rel}","templated":true}]}}